{"id":6151,"date":"2024-09-27T18:00:25","date_gmt":"2024-09-27T18:00:25","guid":{"rendered":"https:\/\/okcrvenazvezda.com\/ready-for-the-super-cup\/"},"modified":"2024-09-27T18:00:25","modified_gmt":"2024-09-27T18:00:25","slug":"ready-for-the-super-cup","status":"publish","type":"post","link":"https:\/\/okcrvenazvezda.com\/en\/ready-for-the-super-cup\/","title":{"rendered":"READY FOR THE SUPER CUP"},"content":{"rendered":"<p style=\"text-align: center;\">A short press conference on the occasion of tomorrow&#8217;s meeting with Vojvodina in the Super Cup of Serbia was held in the premises of SD Crvena Zvezda.<\/p>\n<p style=\"text-align: center;\">From 19:00 in Smederevo, our boys have the opportunity to win the first trophy of the season.<\/p>\n<p style=\"text-align: center;\">The general director of the volleyball club, Nikola Rosi\u0107, head coach Ivica Jevti\u0107 and captain Aleksandar Gmitrovi\u0107 addressed us at the conference.<\/p>\n<p style=\"text-align: center;\">Nikola Rosi\u0107 reflected on the achievements so far and emphasized that he is very satisfied with the victories in the Champions League qualifiers and emphasized once again that Red Star&#8217;s goals are always the highest and that we will fight for trophies and all the competitions in which we participate.<\/p>\n<p style=\"text-align: center;\">Coach Ivica Jevti\u0107 spoke about the problems brought by the earlier start of the season as well as about the Vojvodina team, which he recognized as an always difficult opponent accustomed to victories and trophies, but as always he is sure that we decide our own destiny.<\/p>\n<p style=\"text-align: center;\">Captain Aleksandar Gmitrovi\u0107 agreed with the coach and director and announced a big fight tomorrow and once again confirmed that our boys are ready for new trophies.<\/p>\n<p style=\"text-align: center;\">You can watch the entire conference on our <a href=\"https:\/\/www.youtube.com\/watch?v=8y7y-OJq9Xs&amp;t=2s\">YouTube channel.<\/a><\/p>\n<p style=\"text-align: center;\">Tomorrow at 19:00 in the sports hall in Smederevo we will have the opportunity to attend another volleyball holiday, come and support Crvena Zvezda and add another cup to the showcase!<\/p>\n","protected":false},"excerpt":{"rendered":"<p>A short press conference on the occasion of tomorrow&#8217;s meeting<\/p>\n","protected":false},"author":1,"featured_media":6096,"comment_status":"closed","ping_status":"closed","sticky":false,"template":"","format":"standard","meta":{"_monsterinsights_skip_tracking":false,"_monsterinsights_sitenote_active":false,"_monsterinsights_sitenote_note":"","_monsterinsights_sitenote_category":0,"footnotes":""},"categories":[53,51],"tags":[],"class_list":["post-6151","post","type-post","status-publish","format-standard","has-post-thumbnail","hentry","category-mens-selection-news","category-news"],"yoast_head":"<!-- This site is optimized with the Yoast SEO plugin v27.5 - https:\/\/yoast.com\/product\/yoast-seo-wordpress\/ -->\n<title>READY FOR THE SUPER CUP - VC Red Star<\/title>\n<meta name=\"description\" content=\"A short press conference was held in the premises of SD Crvena Zvezda on the occasion of tomorrow&#039;s meeting with Vojvodina in the Super Cup of Serbia.\" \/>\n<meta name=\"robots\" content=\"index, follow, max-snippet:-1, max-image-preview:large, max-video-preview:-1\" \/>\n<link rel=\"canonical\" href=\"https:\/\/okcrvenazvezda.com\/en\/ready-for-the-super-cup\/\" \/>\n<meta property=\"og:locale\" content=\"en_US\" \/>\n<meta property=\"og:type\" content=\"article\" \/>\n<meta property=\"og:title\" content=\"READY FOR THE SUPER CUP - VC Red Star\" \/>\n<meta property=\"og:description\" content=\"A short press conference was held in the premises of SD Crvena Zvezda on the occasion of tomorrow&#039;s meeting with Vojvodina in the Super Cup of Serbia.\" \/>\n<meta property=\"og:url\" content=\"https:\/\/okcrvenazvezda.com\/en\/ready-for-the-super-cup\/\" \/>\n<meta property=\"og:site_name\" content=\"VC Red Star\" \/>\n<meta property=\"article:publisher\" content=\"https:\/\/www.facebook.com\/profile.php?id=100095265417192\" \/>\n<meta property=\"article:published_time\" content=\"2024-09-27T18:00:25+00:00\" \/>\n<meta property=\"og:image\" content=\"https:\/\/okcrvenazvezda.com\/wp-content\/uploads\/2024\/09\/Superkup-konferencija.jpg\" \/>\n\t<meta property=\"og:image:width\" content=\"1920\" \/>\n\t<meta property=\"og:image:height\" content=\"1080\" \/>\n\t<meta property=\"og:image:type\" content=\"image\/jpeg\" \/>\n<meta name=\"author\" content=\"admin\" \/>\n<meta name=\"twitter:card\" content=\"summary_large_image\" \/>\n<meta name=\"twitter:creator\" content=\"@OK_CrvenaZvezda\" \/>\n<meta name=\"twitter:site\" content=\"@OK_CrvenaZvezda\" \/>\n<meta name=\"twitter:label1\" content=\"Written by\" \/>\n\t<meta name=\"twitter:data1\" content=\"admin\" \/>\n\t<meta name=\"twitter:label2\" content=\"Est. reading time\" \/>\n\t<meta name=\"twitter:data2\" content=\"1 minute\" \/>\n<script type=\"application\/ld+json\" class=\"yoast-schema-graph\">{\"@context\":\"https:\\\/\\\/schema.org\",\"@graph\":[{\"@type\":\"Article\",\"@id\":\"https:\\\/\\\/okcrvenazvezda.com\\\/en\\\/ready-for-the-super-cup\\\/#article\",\"isPartOf\":{\"@id\":\"https:\\\/\\\/okcrvenazvezda.com\\\/en\\\/ready-for-the-super-cup\\\/\"},\"author\":{\"name\":\"admin\",\"@id\":\"https:\\\/\\\/okcrvenazvezda.com\\\/en\\\/#\\\/schema\\\/person\\\/443cb8528d9283ac4e36410311baf466\"},\"headline\":\"READY FOR THE SUPER CUP\",\"datePublished\":\"2024-09-27T18:00:25+00:00\",\"mainEntityOfPage\":{\"@id\":\"https:\\\/\\\/okcrvenazvezda.com\\\/en\\\/ready-for-the-super-cup\\\/\"},\"wordCount\":236,\"publisher\":{\"@id\":\"https:\\\/\\\/okcrvenazvezda.com\\\/en\\\/#organization\"},\"image\":{\"@id\":\"https:\\\/\\\/okcrvenazvezda.com\\\/en\\\/ready-for-the-super-cup\\\/#primaryimage\"},\"thumbnailUrl\":\"https:\\\/\\\/okcrvenazvezda.com\\\/wp-content\\\/uploads\\\/2024\\\/09\\\/Superkup-konferencija.jpg\",\"articleSection\":[\"Men's Selection News\",\"News\"],\"inLanguage\":\"en-US\"},{\"@type\":\"WebPage\",\"@id\":\"https:\\\/\\\/okcrvenazvezda.com\\\/en\\\/ready-for-the-super-cup\\\/\",\"url\":\"https:\\\/\\\/okcrvenazvezda.com\\\/en\\\/ready-for-the-super-cup\\\/\",\"name\":\"READY FOR THE SUPER CUP - VC Red Star\",\"isPartOf\":{\"@id\":\"https:\\\/\\\/okcrvenazvezda.com\\\/en\\\/#website\"},\"primaryImageOfPage\":{\"@id\":\"https:\\\/\\\/okcrvenazvezda.com\\\/en\\\/ready-for-the-super-cup\\\/#primaryimage\"},\"image\":{\"@id\":\"https:\\\/\\\/okcrvenazvezda.com\\\/en\\\/ready-for-the-super-cup\\\/#primaryimage\"},\"thumbnailUrl\":\"https:\\\/\\\/okcrvenazvezda.com\\\/wp-content\\\/uploads\\\/2024\\\/09\\\/Superkup-konferencija.jpg\",\"datePublished\":\"2024-09-27T18:00:25+00:00\",\"description\":\"A short press conference was held in the premises of SD Crvena Zvezda on the occasion of tomorrow's meeting with Vojvodina in the Super Cup of Serbia.\",\"breadcrumb\":{\"@id\":\"https:\\\/\\\/okcrvenazvezda.com\\\/en\\\/ready-for-the-super-cup\\\/#breadcrumb\"},\"inLanguage\":\"en-US\",\"potentialAction\":[{\"@type\":\"ReadAction\",\"target\":[\"https:\\\/\\\/okcrvenazvezda.com\\\/en\\\/ready-for-the-super-cup\\\/\"]}]},{\"@type\":\"ImageObject\",\"inLanguage\":\"en-US\",\"@id\":\"https:\\\/\\\/okcrvenazvezda.com\\\/en\\\/ready-for-the-super-cup\\\/#primaryimage\",\"url\":\"https:\\\/\\\/okcrvenazvezda.com\\\/wp-content\\\/uploads\\\/2024\\\/09\\\/Superkup-konferencija.jpg\",\"contentUrl\":\"https:\\\/\\\/okcrvenazvezda.com\\\/wp-content\\\/uploads\\\/2024\\\/09\\\/Superkup-konferencija.jpg\",\"width\":1920,\"height\":1080,\"caption\":\"Superkup konferencija\"},{\"@type\":\"BreadcrumbList\",\"@id\":\"https:\\\/\\\/okcrvenazvezda.com\\\/en\\\/ready-for-the-super-cup\\\/#breadcrumb\",\"itemListElement\":[{\"@type\":\"ListItem\",\"position\":1,\"name\":\"\u041f\u043e\u0447\u0435\u0442\u043d\u0430\",\"item\":\"https:\\\/\\\/okcrvenazvezda.com\\\/en\\\/home-page\\\/\"},{\"@type\":\"ListItem\",\"position\":2,\"name\":\"READY FOR THE SUPER CUP\"}]},{\"@type\":\"WebSite\",\"@id\":\"https:\\\/\\\/okcrvenazvezda.com\\\/en\\\/#website\",\"url\":\"https:\\\/\\\/okcrvenazvezda.com\\\/en\\\/\",\"name\":\"VC Red Star\",\"description\":\"\",\"publisher\":{\"@id\":\"https:\\\/\\\/okcrvenazvezda.com\\\/en\\\/#organization\"},\"potentialAction\":[{\"@type\":\"SearchAction\",\"target\":{\"@type\":\"EntryPoint\",\"urlTemplate\":\"https:\\\/\\\/okcrvenazvezda.com\\\/en\\\/?s={search_term_string}\"},\"query-input\":{\"@type\":\"PropertyValueSpecification\",\"valueRequired\":true,\"valueName\":\"search_term_string\"}}],\"inLanguage\":\"en-US\"},{\"@type\":\"Organization\",\"@id\":\"https:\\\/\\\/okcrvenazvezda.com\\\/en\\\/#organization\",\"name\":\"VC Red Star\",\"url\":\"https:\\\/\\\/okcrvenazvezda.com\\\/en\\\/\",\"logo\":{\"@type\":\"ImageObject\",\"inLanguage\":\"en-US\",\"@id\":\"https:\\\/\\\/okcrvenazvezda.com\\\/en\\\/#\\\/schema\\\/logo\\\/image\\\/\",\"url\":\"https:\\\/\\\/okcrvenazvezda.com\\\/wp-content\\\/uploads\\\/2023\\\/08\\\/edge.png\",\"contentUrl\":\"https:\\\/\\\/okcrvenazvezda.com\\\/wp-content\\\/uploads\\\/2023\\\/08\\\/edge.png\",\"width\":270,\"height\":270,\"caption\":\"VC Red Star\"},\"image\":{\"@id\":\"https:\\\/\\\/okcrvenazvezda.com\\\/en\\\/#\\\/schema\\\/logo\\\/image\\\/\"},\"sameAs\":[\"https:\\\/\\\/www.facebook.com\\\/profile.php?id=100095265417192\",\"https:\\\/\\\/x.com\\\/OK_CrvenaZvezda\",\"https:\\\/\\\/www.youtube.com\\\/@okcrvenazvezda2445\",\"https:\\\/\\\/www.instagram.com\\\/ok_crvena_zvezda_bg\\\/\",\"https:\\\/\\\/www.tiktok.com\\\/@ok_crvena_zvezda\"]},{\"@type\":\"Person\",\"@id\":\"https:\\\/\\\/okcrvenazvezda.com\\\/en\\\/#\\\/schema\\\/person\\\/443cb8528d9283ac4e36410311baf466\",\"name\":\"admin\",\"image\":{\"@type\":\"ImageObject\",\"inLanguage\":\"en-US\",\"@id\":\"https:\\\/\\\/secure.gravatar.com\\\/avatar\\\/ac24bc9b065787765eebfba954f03e2e3509a682f09aa8a7fcb93da97d8ff67b?s=96&d=mm&r=g\",\"url\":\"https:\\\/\\\/secure.gravatar.com\\\/avatar\\\/ac24bc9b065787765eebfba954f03e2e3509a682f09aa8a7fcb93da97d8ff67b?s=96&d=mm&r=g\",\"contentUrl\":\"https:\\\/\\\/secure.gravatar.com\\\/avatar\\\/ac24bc9b065787765eebfba954f03e2e3509a682f09aa8a7fcb93da97d8ff67b?s=96&d=mm&r=g\",\"caption\":\"admin\"},\"sameAs\":[\"https:\\\/\\\/okcrvenazvezda.com\"]}]}<\/script>\n<!-- \/ Yoast SEO plugin. -->","yoast_head_json":{"title":"READY FOR THE SUPER CUP - VC Red Star","description":"A short press conference was held in the premises of SD Crvena Zvezda on the occasion of tomorrow's meeting with Vojvodina in the Super Cup of Serbia.","robots":{"index":"index","follow":"follow","max-snippet":"max-snippet:-1","max-image-preview":"max-image-preview:large","max-video-preview":"max-video-preview:-1"},"canonical":"https:\/\/okcrvenazvezda.com\/en\/ready-for-the-super-cup\/","og_locale":"en_US","og_type":"article","og_title":"READY FOR THE SUPER CUP - VC Red Star","og_description":"A short press conference was held in the premises of SD Crvena Zvezda on the occasion of tomorrow's meeting with Vojvodina in the Super Cup of Serbia.","og_url":"https:\/\/okcrvenazvezda.com\/en\/ready-for-the-super-cup\/","og_site_name":"VC Red Star","article_publisher":"https:\/\/www.facebook.com\/profile.php?id=100095265417192","article_published_time":"2024-09-27T18:00:25+00:00","og_image":[{"width":1920,"height":1080,"url":"https:\/\/okcrvenazvezda.com\/wp-content\/uploads\/2024\/09\/Superkup-konferencija.jpg","type":"image\/jpeg"}],"author":"admin","twitter_card":"summary_large_image","twitter_creator":"@OK_CrvenaZvezda","twitter_site":"@OK_CrvenaZvezda","twitter_misc":{"Written by":"admin","Est. reading time":"1 minute"},"schema":{"@context":"https:\/\/schema.org","@graph":[{"@type":"Article","@id":"https:\/\/okcrvenazvezda.com\/en\/ready-for-the-super-cup\/#article","isPartOf":{"@id":"https:\/\/okcrvenazvezda.com\/en\/ready-for-the-super-cup\/"},"author":{"name":"admin","@id":"https:\/\/okcrvenazvezda.com\/en\/#\/schema\/person\/443cb8528d9283ac4e36410311baf466"},"headline":"READY FOR THE SUPER CUP","datePublished":"2024-09-27T18:00:25+00:00","mainEntityOfPage":{"@id":"https:\/\/okcrvenazvezda.com\/en\/ready-for-the-super-cup\/"},"wordCount":236,"publisher":{"@id":"https:\/\/okcrvenazvezda.com\/en\/#organization"},"image":{"@id":"https:\/\/okcrvenazvezda.com\/en\/ready-for-the-super-cup\/#primaryimage"},"thumbnailUrl":"https:\/\/okcrvenazvezda.com\/wp-content\/uploads\/2024\/09\/Superkup-konferencija.jpg","articleSection":["Men's Selection News","News"],"inLanguage":"en-US"},{"@type":"WebPage","@id":"https:\/\/okcrvenazvezda.com\/en\/ready-for-the-super-cup\/","url":"https:\/\/okcrvenazvezda.com\/en\/ready-for-the-super-cup\/","name":"READY FOR THE SUPER CUP - VC Red Star","isPartOf":{"@id":"https:\/\/okcrvenazvezda.com\/en\/#website"},"primaryImageOfPage":{"@id":"https:\/\/okcrvenazvezda.com\/en\/ready-for-the-super-cup\/#primaryimage"},"image":{"@id":"https:\/\/okcrvenazvezda.com\/en\/ready-for-the-super-cup\/#primaryimage"},"thumbnailUrl":"https:\/\/okcrvenazvezda.com\/wp-content\/uploads\/2024\/09\/Superkup-konferencija.jpg","datePublished":"2024-09-27T18:00:25+00:00","description":"A short press conference was held in the premises of SD Crvena Zvezda on the occasion of tomorrow's meeting with Vojvodina in the Super Cup of Serbia.","breadcrumb":{"@id":"https:\/\/okcrvenazvezda.com\/en\/ready-for-the-super-cup\/#breadcrumb"},"inLanguage":"en-US","potentialAction":[{"@type":"ReadAction","target":["https:\/\/okcrvenazvezda.com\/en\/ready-for-the-super-cup\/"]}]},{"@type":"ImageObject","inLanguage":"en-US","@id":"https:\/\/okcrvenazvezda.com\/en\/ready-for-the-super-cup\/#primaryimage","url":"https:\/\/okcrvenazvezda.com\/wp-content\/uploads\/2024\/09\/Superkup-konferencija.jpg","contentUrl":"https:\/\/okcrvenazvezda.com\/wp-content\/uploads\/2024\/09\/Superkup-konferencija.jpg","width":1920,"height":1080,"caption":"Superkup konferencija"},{"@type":"BreadcrumbList","@id":"https:\/\/okcrvenazvezda.com\/en\/ready-for-the-super-cup\/#breadcrumb","itemListElement":[{"@type":"ListItem","position":1,"name":"\u041f\u043e\u0447\u0435\u0442\u043d\u0430","item":"https:\/\/okcrvenazvezda.com\/en\/home-page\/"},{"@type":"ListItem","position":2,"name":"READY FOR THE SUPER CUP"}]},{"@type":"WebSite","@id":"https:\/\/okcrvenazvezda.com\/en\/#website","url":"https:\/\/okcrvenazvezda.com\/en\/","name":"VC Red Star","description":"","publisher":{"@id":"https:\/\/okcrvenazvezda.com\/en\/#organization"},"potentialAction":[{"@type":"SearchAction","target":{"@type":"EntryPoint","urlTemplate":"https:\/\/okcrvenazvezda.com\/en\/?s={search_term_string}"},"query-input":{"@type":"PropertyValueSpecification","valueRequired":true,"valueName":"search_term_string"}}],"inLanguage":"en-US"},{"@type":"Organization","@id":"https:\/\/okcrvenazvezda.com\/en\/#organization","name":"VC Red Star","url":"https:\/\/okcrvenazvezda.com\/en\/","logo":{"@type":"ImageObject","inLanguage":"en-US","@id":"https:\/\/okcrvenazvezda.com\/en\/#\/schema\/logo\/image\/","url":"https:\/\/okcrvenazvezda.com\/wp-content\/uploads\/2023\/08\/edge.png","contentUrl":"https:\/\/okcrvenazvezda.com\/wp-content\/uploads\/2023\/08\/edge.png","width":270,"height":270,"caption":"VC Red Star"},"image":{"@id":"https:\/\/okcrvenazvezda.com\/en\/#\/schema\/logo\/image\/"},"sameAs":["https:\/\/www.facebook.com\/profile.php?id=100095265417192","https:\/\/x.com\/OK_CrvenaZvezda","https:\/\/www.youtube.com\/@okcrvenazvezda2445","https:\/\/www.instagram.com\/ok_crvena_zvezda_bg\/","https:\/\/www.tiktok.com\/@ok_crvena_zvezda"]},{"@type":"Person","@id":"https:\/\/okcrvenazvezda.com\/en\/#\/schema\/person\/443cb8528d9283ac4e36410311baf466","name":"admin","image":{"@type":"ImageObject","inLanguage":"en-US","@id":"https:\/\/secure.gravatar.com\/avatar\/ac24bc9b065787765eebfba954f03e2e3509a682f09aa8a7fcb93da97d8ff67b?s=96&d=mm&r=g","url":"https:\/\/secure.gravatar.com\/avatar\/ac24bc9b065787765eebfba954f03e2e3509a682f09aa8a7fcb93da97d8ff67b?s=96&d=mm&r=g","contentUrl":"https:\/\/secure.gravatar.com\/avatar\/ac24bc9b065787765eebfba954f03e2e3509a682f09aa8a7fcb93da97d8ff67b?s=96&d=mm&r=g","caption":"admin"},"sameAs":["https:\/\/okcrvenazvezda.com"]}]}},"_links":{"self":[{"href":"https:\/\/okcrvenazvezda.com\/en\/wp-json\/wp\/v2\/posts\/6151","targetHints":{"allow":["GET"]}}],"collection":[{"href":"https:\/\/okcrvenazvezda.com\/en\/wp-json\/wp\/v2\/posts"}],"about":[{"href":"https:\/\/okcrvenazvezda.com\/en\/wp-json\/wp\/v2\/types\/post"}],"author":[{"embeddable":true,"href":"https:\/\/okcrvenazvezda.com\/en\/wp-json\/wp\/v2\/users\/1"}],"replies":[{"embeddable":true,"href":"https:\/\/okcrvenazvezda.com\/en\/wp-json\/wp\/v2\/comments?post=6151"}],"version-history":[{"count":0,"href":"https:\/\/okcrvenazvezda.com\/en\/wp-json\/wp\/v2\/posts\/6151\/revisions"}],"wp:featuredmedia":[{"embeddable":true,"href":"https:\/\/okcrvenazvezda.com\/en\/wp-json\/wp\/v2\/media\/6096"}],"wp:attachment":[{"href":"https:\/\/okcrvenazvezda.com\/en\/wp-json\/wp\/v2\/media?parent=6151"}],"wp:term":[{"taxonomy":"category","embeddable":true,"href":"https:\/\/okcrvenazvezda.com\/en\/wp-json\/wp\/v2\/categories?post=6151"},{"taxonomy":"post_tag","embeddable":true,"href":"https:\/\/okcrvenazvezda.com\/en\/wp-json\/wp\/v2\/tags?post=6151"}],"curies":[{"name":"wp","href":"https:\/\/api.w.org\/{rel}","templated":true}]}}